{"id":25761,"date":"2024-05-17T13:21:25","date_gmt":"2024-05-17T12:21:25","guid":{"rendered":"https:\/\/watra.org\/conectando-para-a-mudanca-artao-no-observatorio-digital-da-cedeao-em-praia\/"},"modified":"2024-10-25T09:22:33","modified_gmt":"2024-10-25T08:22:33","slug":"conectando-para-a-mudanca-artao-no-observatorio-digital-da-cedeao-em-praia","status":"publish","type":"post","link":"https:\/\/watra.org\/pt-pt\/conectando-para-a-mudanca-artao-no-observatorio-digital-da-cedeao-em-praia\/","title":{"rendered":"Conectando para a mudan\u00e7a: ARTAO no Observat\u00f3rio Digital da CEDEAO em Praia"},"content":{"rendered":"<p>O Secret\u00e1rio Executivo da ARTAO, Engr. Aliyu Yusuf Aboki, participou da reuni\u00e3o anual do Observat\u00f3rio Digital da CEDEAO (ECODOB) de <sup>16<\/sup> a <sup>17<\/sup> de maio de 2024 em Praia, Cabo Verde. Esta reuni\u00e3o dos Correspondentes Nacionais para Indicadores (NCIs) da ECODOB est\u00e1 dentro da estrutura do Memorando de Entendimento assinado entre a ARTAO e a Comiss\u00e3o da CEDEAO e marca a participa\u00e7\u00e3o inaugural da ARTAO ap\u00f3s a assinatura do acordo. Esta colabora\u00e7\u00e3o entre organiza\u00e7\u00f5es busca, entre outras coisas, melhorar o ECODOB por meio do aprimoramento da infraestrutura digital, precis\u00e3o de dados e seguran\u00e7a cibern\u00e9tica em toda a \u00c1frica Ocidental. O objetivo principal da reuni\u00e3o era validar os dados recebidos dos NCIs e revisar o relat\u00f3rio digital de 2023 sobre telecomunica\u00e7\u00f5es, TIC e servi\u00e7os postais. Os participantes se envolveram em discuss\u00f5es abrangentes sobre tend\u00eancias regionais de telecomunica\u00e7\u00f5es de 2021 a 2023, m\u00e9tricas de assinatura de Internet e mapeamento de infraestrutura. Isso inclu\u00eda infraestrutura de cabos de fibra terrestre e submarinos da \u00c1frica Ocidental, IXPs e data centers.<\/p>\n<p><img fetchpriority=\"high\" decoding=\"async\" class=\" wp-image-25740 aligncenter\" src=\"https:\/\/watra.org\/wp-content\/uploads\/2024\/10\/d47d21a7df44453ce26111bf5ed1af9d2bcb9eace49e0719e4fd-300x169.jpg\" alt=\"\" width=\"430\" height=\"242\" srcset=\"https:\/\/watra.org\/wp-content\/uploads\/2024\/10\/d47d21a7df44453ce26111bf5ed1af9d2bcb9eace49e0719e4fd-300x169.jpg 300w, https:\/\/watra.org\/wp-content\/uploads\/2024\/10\/d47d21a7df44453ce26111bf5ed1af9d2bcb9eace49e0719e4fd-1024x576.jpg 1024w, https:\/\/watra.org\/wp-content\/uploads\/2024\/10\/d47d21a7df44453ce26111bf5ed1af9d2bcb9eace49e0719e4fd-768x432.jpg 768w, https:\/\/watra.org\/wp-content\/uploads\/2024\/10\/d47d21a7df44453ce26111bf5ed1af9d2bcb9eace49e0719e4fd.jpg 1279w\" sizes=\"(max-width: 430px) 100vw, 430px\" \/><\/p>\n<p>Na reuni\u00e3o, o Secret\u00e1rio Executivo fez uma apresenta\u00e7\u00e3o destacando a import\u00e2ncia de dados precisos e relevantes, propondo m\u00e9todos de colabora\u00e7\u00e3o com base nas melhores pr\u00e1ticas da ITU e GSMA. O Eng. Aboki enfatizou o comprometimento da ARTAO com essa parceria, afirmando: \u201cA ARTAO est\u00e1 dedicada a colaborar com a CEDEAO para garantir que nossa infraestrutura digital atenda aos mais altos padr\u00f5es. Esta reuni\u00e3o foi um passo significativo em dire\u00e7\u00e3o a esse objetivo.\u201d<\/p>\n<p>&nbsp;<\/p>\n<p>Veja a galeria<\/p>\n","protected":false},"excerpt":{"rendered":"<p>O Secret\u00e1rio Executivo da ARTAO, Engr. Aliyu Yusuf Aboki, participou da reuni\u00e3o anual do Observat\u00f3rio Digital da CEDEAO (ECODOB) de 16 a 17 de maio de 2024 em Praia, Cabo [&hellip;]<\/p>\n","protected":false},"author":11,"featured_media":25751,"comment_status":"closed","ping_status":"closed","sticky":false,"template":"","format":"standard","meta":{"_acf_changed":false,"inline_featured_image":false,"ngg_post_thumbnail":0,"footnotes":""},"categories":[35,33],"tags":[],"class_list":["post-25761","post","type-post","status-publish","format-standard","has-post-thumbnail","hentry","category-desenvolvimentos-de-politicas-regulamentares","category-eventos-regulatorios-de-telecomunicacoes"],"acf":[],"_links":{"self":[{"href":"https:\/\/watra.org\/pt-pt\/wp-json\/wp\/v2\/posts\/25761","targetHints":{"allow":["GET"]}}],"collection":[{"href":"https:\/\/watra.org\/pt-pt\/wp-json\/wp\/v2\/posts"}],"about":[{"href":"https:\/\/watra.org\/pt-pt\/wp-json\/wp\/v2\/types\/post"}],"author":[{"embeddable":true,"href":"https:\/\/watra.org\/pt-pt\/wp-json\/wp\/v2\/users\/11"}],"replies":[{"embeddable":true,"href":"https:\/\/watra.org\/pt-pt\/wp-json\/wp\/v2\/comments?post=25761"}],"version-history":[{"count":1,"href":"https:\/\/watra.org\/pt-pt\/wp-json\/wp\/v2\/posts\/25761\/revisions"}],"predecessor-version":[{"id":25763,"href":"https:\/\/watra.org\/pt-pt\/wp-json\/wp\/v2\/posts\/25761\/revisions\/25763"}],"wp:featuredmedia":[{"embeddable":true,"href":"https:\/\/watra.org\/pt-pt\/wp-json\/wp\/v2\/media\/25751"}],"wp:attachment":[{"href":"https:\/\/watra.org\/pt-pt\/wp-json\/wp\/v2\/media?parent=25761"}],"wp:term":[{"taxonomy":"category","embeddable":true,"href":"https:\/\/watra.org\/pt-pt\/wp-json\/wp\/v2\/categories?post=25761"},{"taxonomy":"post_tag","embeddable":true,"href":"https:\/\/watra.org\/pt-pt\/wp-json\/wp\/v2\/tags?post=25761"}],"curies":[{"name":"wp","href":"https:\/\/api.w.org\/{rel}","templated":true}]}}