{"id":25804,"date":"2024-05-07T07:56:01","date_gmt":"2024-05-07T06:56:01","guid":{"rendered":"https:\/\/watra.org\/artao-realiza-sua-36a-reuniao-do-comite-executivo-em-seu-secretariado-executivo-em-abuja-nigeria\/"},"modified":"2024-10-25T10:56:49","modified_gmt":"2024-10-25T09:56:49","slug":"artao-realiza-sua-36a-reuniao-do-comite-executivo-em-seu-secretariado-executivo-em-abuja-nigeria","status":"publish","type":"post","link":"https:\/\/watra.org\/pt-pt\/artao-realiza-sua-36a-reuniao-do-comite-executivo-em-seu-secretariado-executivo-em-abuja-nigeria\/","title":{"rendered":"ARTAO realiza sua 36\u00aa reuni\u00e3o do Comit\u00ea Executivo em seu Secretariado Executivo em Abuja, Nig\u00e9ria"},"content":{"rendered":"<p><img fetchpriority=\"high\" decoding=\"async\" class=\"wp-image-24928 aligncenter\" src=\"https:\/\/watra.org\/wp-content\/uploads\/2024\/07\/DSC0771-300x199.jpg\" alt=\"\" width=\"412\" height=\"273\" srcset=\"https:\/\/watra.org\/wp-content\/uploads\/2024\/07\/DSC0771-300x199.jpg 300w, https:\/\/watra.org\/wp-content\/uploads\/2024\/07\/DSC0771-1024x680.jpg 1024w, https:\/\/watra.org\/wp-content\/uploads\/2024\/07\/DSC0771-768x510.jpg 768w, https:\/\/watra.org\/wp-content\/uploads\/2024\/07\/DSC0771-1536x1020.jpg 1536w, https:\/\/watra.org\/wp-content\/uploads\/2024\/07\/DSC0771-2048x1360.jpg 2048w\" sizes=\"(max-width: 412px) 100vw, 412px\" \/> A 36\u00aa reuni\u00e3o do Comit\u00e9 Executivo (ECM) da ARTAO foi realizada de 6 a 7 de maio de 2024 no Secretariado da organiza\u00e7\u00e3o em Abuja. A reuni\u00e3o contou com a presen\u00e7a dos novos membros do Comit\u00e9 Executivo que foram nomeados na <a href=\"https:\/\/watra.org\/fr\/lartao-tient-sa-21eme-assemblee-generale-annuelle-a-freetown-sierra-leone\/\">21\u00aa Assembleia Geral Anual<\/a> (AGA) realizada no final de mar\u00e7o de 2024 em Freetown, Serra Leoa. Entre os participantes estiveram: ARCEP-Togo que atualmente ocupa o cargo de 2\u00ba vice-presidente representado pelo Diretor de Mercados e Regula\u00e7\u00e3o de Dados da ARCEP-Togo, <strong>Sr. Amah Vinyo CAPO<\/strong> ; ARN-Guin\u00e9 Bissau que ocupa actualmente o cargo de 1\u00ba Vice-Presidente representado pelo Presidente do Conselho de Administra\u00e7\u00e3o da ARN, <strong>Dr. Cheikh Amadu Bamba Kot\u00e9 <\/strong> ; e o atual Presidente da ARTAO representado pelo Diretor Geral da NatCA, Rep\u00fablica da Serra Leoa, <strong>Sr. Amara Brewah<\/strong> .<\/p>\n<p>&nbsp;<\/p>\n<p>Veja a galeria<\/p>\n<p>&nbsp;<\/p>\n","protected":false},"excerpt":{"rendered":"<p>A 36\u00aa reuni\u00e3o do Comit\u00e9 Executivo (ECM) da ARTAO foi realizada de 6 a 7 de maio de 2024 no Secretariado da organiza\u00e7\u00e3o em Abuja. A reuni\u00e3o contou com a [&hellip;]<\/p>\n","protected":false},"author":11,"featured_media":24933,"comment_status":"closed","ping_status":"closed","sticky":false,"template":"","format":"standard","meta":{"_acf_changed":false,"inline_featured_image":false,"ngg_post_thumbnail":0,"footnotes":""},"categories":[35,33],"tags":[],"class_list":["post-25804","post","type-post","status-publish","format-standard","has-post-thumbnail","hentry","category-desenvolvimentos-de-politicas-regulamentares","category-eventos-regulatorios-de-telecomunicacoes"],"acf":[],"_links":{"self":[{"href":"https:\/\/watra.org\/pt-pt\/wp-json\/wp\/v2\/posts\/25804","targetHints":{"allow":["GET"]}}],"collection":[{"href":"https:\/\/watra.org\/pt-pt\/wp-json\/wp\/v2\/posts"}],"about":[{"href":"https:\/\/watra.org\/pt-pt\/wp-json\/wp\/v2\/types\/post"}],"author":[{"embeddable":true,"href":"https:\/\/watra.org\/pt-pt\/wp-json\/wp\/v2\/users\/11"}],"replies":[{"embeddable":true,"href":"https:\/\/watra.org\/pt-pt\/wp-json\/wp\/v2\/comments?post=25804"}],"version-history":[{"count":1,"href":"https:\/\/watra.org\/pt-pt\/wp-json\/wp\/v2\/posts\/25804\/revisions"}],"predecessor-version":[{"id":25806,"href":"https:\/\/watra.org\/pt-pt\/wp-json\/wp\/v2\/posts\/25804\/revisions\/25806"}],"wp:featuredmedia":[{"embeddable":true,"href":"https:\/\/watra.org\/pt-pt\/wp-json\/wp\/v2\/media\/24933"}],"wp:attachment":[{"href":"https:\/\/watra.org\/pt-pt\/wp-json\/wp\/v2\/media?parent=25804"}],"wp:term":[{"taxonomy":"category","embeddable":true,"href":"https:\/\/watra.org\/pt-pt\/wp-json\/wp\/v2\/categories?post=25804"},{"taxonomy":"post_tag","embeddable":true,"href":"https:\/\/watra.org\/pt-pt\/wp-json\/wp\/v2\/tags?post=25804"}],"curies":[{"name":"wp","href":"https:\/\/api.w.org\/{rel}","templated":true}]}}