{"id":28943,"date":"2026-04-29T16:50:12","date_gmt":"2026-04-29T15:50:12","guid":{"rendered":"https:\/\/watra.org\/recognition-of-mr-ruffus-samuel-for-outstanding-contribution-at-the-23rd-watra-annual-general-assembly\/"},"modified":"2026-04-29T17:01:37","modified_gmt":"2026-04-29T16:01:37","slug":"recognition-of-mr-ruffus-samuel-for-outstanding-contribution-at-the-23rd-watra-annual-general-assembly","status":"publish","type":"post","link":"https:\/\/watra.org\/pt-pt\/recognition-of-mr-ruffus-samuel-for-outstanding-contribution-at-the-23rd-watra-annual-general-assembly\/","title":{"rendered":"Reconhecimento ao Sr. Ruffus Samuel por sua contribui\u00e7\u00e3o excepcional na 23\u00aa Assembleia Geral Anual da ARTAO ."},"content":{"rendered":"<style>\/*! elementor - v3.19.0 - 29-01-2024 *\/<br \/>.elementor-heading-title{padding:0;margin:0;line-height:1}.elementor-widget-heading .elementor-heading-title[class*=elementor-size-]>a{color:inherit;font-size:inherit;line-height:inherit}.elementor-widget-heading .elementor-heading-title.elementor-size-small{font-size:15px}.elementor-widget-heading .elementor-heading-title.elementor-size-medium{font-size:19px}.elementor-widget-heading .elementor-heading-title.elementor-size-large{font-size:29px}.elementor-widget-heading .elementor-heading-title.elementor-size-xl{font-size:39px}.elementor-widget-heading .elementor-heading-title.elementor-size-xxl{font-size:59px}<\/style>\n<p><strong>Lom\u00e9, Togo \u2013 23 de abril de 2026<\/strong> \u2013 A Associa\u00e7\u00e3o de Reguladores de Telecomunica\u00e7\u00f5es da \u00c1frica Ocidental (ARTAO) tem o prazer de anunciar o reconhecimento do Sr. Ruffus Samuel, Gerente Principal de Parcerias, por sua contribui\u00e7\u00e3o excepcional para as atividades e o avan\u00e7o estrat\u00e9gico da Associa\u00e7\u00e3o.<\/p>\n<p>Essa distin\u00e7\u00e3o foi concedida durante a 23\u00aa Assembleia Geral Anual da ARTAO, realizada de 20 a 24 de abril de 2026 em Lom\u00e9, Togo. O reconhecimento destaca o compromisso cont\u00ednuo do Sr. Samuel em fortalecer a coopera\u00e7\u00e3o regional e promover uma colabora\u00e7\u00e3o eficaz entre as 16 Autoridades Reguladoras Nacionais membros da ARTAO, bem como com as principais partes interessadas em todo o ecossistema de telecomunica\u00e7\u00f5es. <\/p>\n<p>Com mais de duas d\u00e9cadas de experi\u00eancia no setor de telecomunica\u00e7\u00f5es, o Sr. Samuel desempenhou um papel fundamental na defini\u00e7\u00e3o e implementa\u00e7\u00e3o de estrat\u00e9gias de parceria que apoiam a harmoniza\u00e7\u00e3o regulat\u00f3ria e a transforma\u00e7\u00e3o digital em toda a \u00c1frica Ocidental. Em sua fun\u00e7\u00e3o atual, ele lidera iniciativas de engajamento estrat\u00e9gico e supervisiona o desenvolvimento de parcerias alinhadas aos Planos de Trabalho Estrat\u00e9gicos e Anuais da ARTAO. <\/p>\n<style>\/*! elementor - v3.19.0 - 29-01-2024 *\/<br \/>.elementor-widget-image{text-align:center}.elementor-widget-image a{display:inline-block}.elementor-widget-image a img[src$=\".svg\"]{width:48px}.elementor-widget-image img{vertical-align:middle;display:inline-block}<\/style>\n<p><img fetchpriority=\"high\" decoding=\"async\" class=\"alignnone size-full wp-image-28933\" src=\"https:\/\/watra.org\/wp-content\/uploads\/2026\/04\/Remise-de-certificat-de-reconnaisance-23e-AG-avril-2026-5.jpeg\" alt=\"\" width=\"1600\" height=\"1066\" srcset=\"https:\/\/watra.org\/wp-content\/uploads\/2026\/04\/Remise-de-certificat-de-reconnaisance-23e-AG-avril-2026-5.jpeg 1600w, https:\/\/watra.org\/wp-content\/uploads\/2026\/04\/Remise-de-certificat-de-reconnaisance-23e-AG-avril-2026-5-300x200.jpeg 300w, https:\/\/watra.org\/wp-content\/uploads\/2026\/04\/Remise-de-certificat-de-reconnaisance-23e-AG-avril-2026-5-1024x682.jpeg 1024w, https:\/\/watra.org\/wp-content\/uploads\/2026\/04\/Remise-de-certificat-de-reconnaisance-23e-AG-avril-2026-5-768x512.jpeg 768w, https:\/\/watra.org\/wp-content\/uploads\/2026\/04\/Remise-de-certificat-de-reconnaisance-23e-AG-avril-2026-5-1536x1023.jpeg 1536w\" sizes=\"(max-width: 1600px) 100vw, 1600px\" \/><\/p>\n<p>Seu trabalho aprimorou significativamente os mecanismos de coordena\u00e7\u00e3o entre as Autoridades Reguladoras Nacionais (ARN) membros, por meio da promo\u00e7\u00e3o do di\u00e1logo estruturado, da facilita\u00e7\u00e3o da colabora\u00e7\u00e3o regulat\u00f3ria transfronteiri\u00e7a e do apoio \u00e0 constru\u00e7\u00e3o de consenso sobre as principais prioridades regionais. Ele tamb\u00e9m desempenhou um papel fundamental no avan\u00e7o de iniciativas baseadas em dados, particularmente no mapeamento de banda larga, coordenando a coleta, valida\u00e7\u00e3o e harmoniza\u00e7\u00e3o de dados entre as administra\u00e7\u00f5es dos pa\u00edses membros, contribuindo assim para a formula\u00e7\u00e3o de pol\u00edticas baseadas em evid\u00eancias e para um melhor planejamento da conectividade regional. <\/p>\n<p>Trabalhando em estreita colabora\u00e7\u00e3o com o Secret\u00e1rio Executivo, o Sr. Samuel fornece apoio consultivo estrat\u00e9gico, an\u00e1lises e avalia\u00e7\u00f5es de desempenho para garantir que as parcerias estejam efetivamente alinhadas com os objetivos institucionais da ARTAO . Seu engajamento ativo com organiza\u00e7\u00f5es internacionais e parceiros de desenvolvimento possibilitou ainda mais a mobiliza\u00e7\u00e3o de recursos, conhecimento t\u00e9cnico e expertise para fortalecer o setor de telecomunica\u00e7\u00f5es na regi\u00e3o. <\/p>\n<style>\/*! elementor - v3.19.0 - 29-01-2024 *\/<br \/>.elementor-column .elementor-spacer-inner{height:var(--spacer-size)}.e-con{--container-widget-width:100%}.e-con-inner>.elementor-widget-spacer,.e-con>.elementor-widget-spacer{width:var(--container-widget-width,var(--spacer-size));--align-self:var(--container-widget-align-self,initial);--flex-shrink:0}.e-con-inner>.elementor-widget-spacer>.elementor-widget-container,.e-con>.elementor-widget-spacer>.elementor-widget-container{height:100%;width:100%}.e-con-inner>.elementor-widget-spacer>.elementor-widget-container>.elementor-spacer,.e-con>.elementor-widget-spacer>.elementor-widget-container>.elementor-spacer{height:100%}.e-con-inner>.elementor-widget-spacer>.elementor-widget-container>.elementor-spacer>.elementor-spacer-inner,.e-con>.elementor-widget-spacer>.elementor-widget-container>.elementor-spacer>.elementor-spacer-inner{height:var(--container-widget-height,var(--spacer-size))}.e-con-inner>.elementor-widget-spacer.elementor-widget-empty,.e-con>.elementor-widget-spacer.elementor-widget-empty{position:relative;min-height:22px;min-width:22px}.e-con-inner>.elementor-widget-spacer.elementor-widget-empty .elementor-widget-empty-icon,.e-con>.elementor-widget-spacer.elementor-widget-empty .elementor-widget-empty-icon{position:absolute;top:0;bottom:0;left:0;right:0;margin:auto;padding:0;width:22px;height:22px}<\/style>\n<p><img decoding=\"async\" class=\"alignnone size-full wp-image-28935\" src=\"https:\/\/watra.org\/wp-content\/uploads\/2026\/04\/Remise-de-certificat-de-reconnaisance-23e-AG-avril-2026-7.jpeg\" alt=\"\" width=\"1113\" height=\"1600\" srcset=\"https:\/\/watra.org\/wp-content\/uploads\/2026\/04\/Remise-de-certificat-de-reconnaisance-23e-AG-avril-2026-7.jpeg 1113w, https:\/\/watra.org\/wp-content\/uploads\/2026\/04\/Remise-de-certificat-de-reconnaisance-23e-AG-avril-2026-7-209x300.jpeg 209w, https:\/\/watra.org\/wp-content\/uploads\/2026\/04\/Remise-de-certificat-de-reconnaisance-23e-AG-avril-2026-7-712x1024.jpeg 712w, https:\/\/watra.org\/wp-content\/uploads\/2026\/04\/Remise-de-certificat-de-reconnaisance-23e-AG-avril-2026-7-768x1104.jpeg 768w, https:\/\/watra.org\/wp-content\/uploads\/2026\/04\/Remise-de-certificat-de-reconnaisance-23e-AG-avril-2026-7-1068x1536.jpeg 1068w\" sizes=\"(max-width: 1113px) 100vw, 1113px\" \/><\/p>\n<p>O Sr. Ruffus Samuel \u00e9 totalmente bil\u00edngue, com dom\u00ednio s\u00f3lido tanto do ingl\u00eas quanto do franc\u00eas, o que lhe permite atuar com facilidade em diversos ambientes institucionais e lingu\u00edsticos em toda a \u00c1frica Ocidental.<\/p>\n<p>Ao comentar sobre o reconhecimento, um representante da ARTAO declarou: \u201cEsta homenagem reflete a dedica\u00e7\u00e3o inabal\u00e1vel do Sr. Samuel \u00e0 excel\u00eancia institucional e sua excepcional capacidade de construir e manter alian\u00e7as estrat\u00e9gicas que aumentam a visibilidade, o impacto e a efic\u00e1cia da ARTAO em toda a regi\u00e3o.\u201d<\/p>\n<p>O Sr. Samuel \u00e9 amplamente reconhecido por sua habilidade em lidar com ambientes complexos e multinacionais, fomentar relacionamentos baseados na confian\u00e7a e traduzir a vis\u00e3o estrat\u00e9gica em resultados tang\u00edveis. Seu trabalho continua a apoiar o desenvolvimento de um ecossistema digital mais integrado, resiliente e din\u00e2mico na \u00c1frica Ocidental. <\/p>\n<p>&nbsp;<\/p>\n","protected":false},"excerpt":{"rendered":"<p>Lom\u00e9, Togo \u2013 23 de abril de 2026 \u2013 A Associa\u00e7\u00e3o de Reguladores de Telecomunica\u00e7\u00f5es da \u00c1frica Ocidental (ARTAO) tem o prazer de anunciar o reconhecimento do Sr. Ruffus Samuel, [&hellip;]<\/p>\n","protected":false},"author":21,"featured_media":28945,"comment_status":"closed","ping_status":"closed","sticky":false,"template":"","format":"standard","meta":{"_acf_changed":false,"inline_featured_image":false,"ngg_post_thumbnail":0,"footnotes":""},"categories":[35,33],"tags":[],"class_list":["post-28943","post","type-post","status-publish","format-standard","has-post-thumbnail","hentry","category-desenvolvimentos-de-politicas-regulamentares","category-eventos-regulatorios-de-telecomunicacoes"],"acf":[],"_links":{"self":[{"href":"https:\/\/watra.org\/pt-pt\/wp-json\/wp\/v2\/posts\/28943","targetHints":{"allow":["GET"]}}],"collection":[{"href":"https:\/\/watra.org\/pt-pt\/wp-json\/wp\/v2\/posts"}],"about":[{"href":"https:\/\/watra.org\/pt-pt\/wp-json\/wp\/v2\/types\/post"}],"author":[{"embeddable":true,"href":"https:\/\/watra.org\/pt-pt\/wp-json\/wp\/v2\/users\/21"}],"replies":[{"embeddable":true,"href":"https:\/\/watra.org\/pt-pt\/wp-json\/wp\/v2\/comments?post=28943"}],"version-history":[{"count":2,"href":"https:\/\/watra.org\/pt-pt\/wp-json\/wp\/v2\/posts\/28943\/revisions"}],"predecessor-version":[{"id":28950,"href":"https:\/\/watra.org\/pt-pt\/wp-json\/wp\/v2\/posts\/28943\/revisions\/28950"}],"wp:featuredmedia":[{"embeddable":true,"href":"https:\/\/watra.org\/pt-pt\/wp-json\/wp\/v2\/media\/28945"}],"wp:attachment":[{"href":"https:\/\/watra.org\/pt-pt\/wp-json\/wp\/v2\/media?parent=28943"}],"wp:term":[{"taxonomy":"category","embeddable":true,"href":"https:\/\/watra.org\/pt-pt\/wp-json\/wp\/v2\/categories?post=28943"},{"taxonomy":"post_tag","embeddable":true,"href":"https:\/\/watra.org\/pt-pt\/wp-json\/wp\/v2\/tags?post=28943"}],"curies":[{"name":"wp","href":"https:\/\/api.w.org\/{rel}","templated":true}]}}